{"id":3214,"date":"2024-01-30T22:15:20","date_gmt":"2024-01-31T01:15:20","guid":{"rendered":"https:\/\/venturis.com.ar\/?p=3214"},"modified":"2024-01-31T10:39:29","modified_gmt":"2024-01-31T13:39:29","slug":"un-poco-de-nuestra-historia-venturis-presente-con-su-stand-de-abanicos-por-primera-vez-en-una-fiesta-en-r9-producciones-episode-3","status":"publish","type":"post","link":"https:\/\/venturis.com.ar\/?p=3214","title":{"rendered":"Un poco de nuestra historia: Venturis presente con su stand de abanicos por primera vez en una fiesta, en R9 Producciones Episode 3"},"content":{"rendered":"\n<p>El 26 de marzo de 2022, la productora de eventos de m\u00fasica electr\u00f3nica R9 Producciones de Tucum\u00e1n, Argentina, nos invit\u00f3 a participar con nuestro stand de abanicos en su Episode 3, que cont\u00f3 con la presencia de DJs de la escena local, nacional e internacional: <strong>Einmusik<\/strong>, <strong>Juan Hansen<\/strong>, <strong>Gero C\u00f3rdoba<\/strong>, <strong>Araoz y Alex Toms<\/strong> y <strong>Guersman<\/strong>.<\/p>\n\n\n\n<div class=\"wp-block-uagb-advanced-heading uagb-block-5dfa0d34\"><h2 class=\"uagb-heading-text\">La imponente puesta en escena de Arte N\u00f3made para R9 Producciones<\/h2><\/div>\n\n\n\n<div class=\"wp-block-uagb-image aligncenter uagb-block-bbd80c8b wp-block-uagb-image--layout-default wp-block-uagb-image--effect-static wp-block-uagb-image--align-center\"><figure class=\"wp-block-uagb-image__figure\"><img decoding=\"async\"  sizes=\"auto, (max-width: 480px) 150px\" src=\"https:\/\/www.r9producciones.com\/images\/eventos\/2.jpg\" alt=\"\" width=\"2038\" height=\"1360\" title=\"\" loading=\"lazy\"\/><\/figure><\/div>\n\n\n\n<p>La t\u00e9cnica audiovisual de la producci\u00f3n estuvo a cargo de Arte N\u00f3made <a href=\"https:\/\/www.arte-nomade.com.ar\/home\">https:\/\/www.arte-nomade.com.ar\/home<\/a>, quien deslumbr\u00f3 al p\u00fablico tucumano en su primer arribo a un evento en el norte argentino.<br>\nEncargados de la parte t\u00e9cnica de fechas importantes y masivas a nivel nacional, como las del reconocido DJ Hern\u00e1n Catt\u00e1neo en Forja, C\u00f3rdoba, su presencia en el Episode 3 marcar\u00eda un antes y un despu\u00e9s en la escena electr\u00f3nica de Tucum\u00e1n y del norte.<\/p>\n\n\n\n<hr class=\"wp-block-separator has-alpha-channel-opacity is-style-default\" style=\"margin-top:var(--wp--preset--spacing--40);margin-bottom:var(--wp--preset--spacing--40)\"\/>\n\n\n\n<figure class=\"wp-block-embed aligncenter is-type-rich is-provider-instagram wp-block-embed-instagram\" style=\"margin-top:0;margin-right:0;margin-bottom:0;margin-left:0\"><div class=\"wp-block-embed__wrapper\">\n<blockquote class=\"instagram-media\" data-instgrm-captioned data-instgrm-permalink=\"https:\/\/www.instagram.com\/reel\/CdvmW5MAXAE\/?utm_source=ig_embed&amp;utm_campaign=loading\" data-instgrm-version=\"14\" style=\" background:#FFF; border:0; border-radius:3px; box-shadow:0 0 1px 0 rgba(0,0,0,0.5),0 1px 10px 0 rgba(0,0,0,0.15); margin: 1px; max-width:500px; min-width:326px; padding:0; width:99.375%; width:-webkit-calc(100% - 2px); width:calc(100% - 2px);\"><div style=\"padding:16px;\"> <a href=\"https:\/\/www.instagram.com\/reel\/CdvmW5MAXAE\/?utm_source=ig_embed&amp;utm_campaign=loading\" style=\" background:#FFFFFF; line-height:0; padding:0 0; text-align:center; text-decoration:none; width:100%;\" target=\"_blank\"> <div style=\" display: flex; flex-direction: row; align-items: center;\"> <div style=\"background-color: #F4F4F4; border-radius: 50%; flex-grow: 0; height: 40px; margin-right: 14px; width: 40px;\"><\/div> <div style=\"display: flex; flex-direction: column; flex-grow: 1; justify-content: center;\"> <div style=\" background-color: #F4F4F4; border-radius: 4px; flex-grow: 0; height: 14px; margin-bottom: 6px; width: 100px;\"><\/div> <div style=\" background-color: #F4F4F4; border-radius: 4px; flex-grow: 0; height: 14px; width: 60px;\"><\/div><\/div><\/div><div style=\"padding: 19% 0;\"><\/div> <div style=\"display:block; height:50px; margin:0 auto 12px; width:50px;\"><svg width=\"50px\" height=\"50px\" viewBox=\"0 0 60 60\" version=\"1.1\" xmlns=\"https:\/\/www.w3.org\/2000\/svg\" xmlns:xlink=\"https:\/\/www.w3.org\/1999\/xlink\"><g stroke=\"none\" stroke-width=\"1\" fill=\"none\" fill-rule=\"evenodd\"><g transform=\"translate(-511.000000, -20.000000)\" fill=\"#000000\"><g><path d=\"M556.869,30.41 C554.814,30.41 553.148,32.076 553.148,34.131 C553.148,36.186 554.814,37.852 556.869,37.852 C558.924,37.852 560.59,36.186 560.59,34.131 C560.59,32.076 558.924,30.41 556.869,30.41 M541,60.657 C535.114,60.657 530.342,55.887 530.342,50 C530.342,44.114 535.114,39.342 541,39.342 C546.887,39.342 551.658,44.114 551.658,50 C551.658,55.887 546.887,60.657 541,60.657 M541,33.886 C532.1,33.886 524.886,41.1 524.886,50 C524.886,58.899 532.1,66.113 541,66.113 C549.9,66.113 557.115,58.899 557.115,50 C557.115,41.1 549.9,33.886 541,33.886 M565.378,62.101 C565.244,65.022 564.756,66.606 564.346,67.663 C563.803,69.06 563.154,70.057 562.106,71.106 C561.058,72.155 560.06,72.803 558.662,73.347 C557.607,73.757 556.021,74.244 553.102,74.378 C549.944,74.521 548.997,74.552 541,74.552 C533.003,74.552 532.056,74.521 528.898,74.378 C525.979,74.244 524.393,73.757 523.338,73.347 C521.94,72.803 520.942,72.155 519.894,71.106 C518.846,70.057 518.197,69.06 517.654,67.663 C517.244,66.606 516.755,65.022 516.623,62.101 C516.479,58.943 516.448,57.996 516.448,50 C516.448,42.003 516.479,41.056 516.623,37.899 C516.755,34.978 517.244,33.391 517.654,32.338 C518.197,30.938 518.846,29.942 519.894,28.894 C520.942,27.846 521.94,27.196 523.338,26.654 C524.393,26.244 525.979,25.756 528.898,25.623 C532.057,25.479 533.004,25.448 541,25.448 C548.997,25.448 549.943,25.479 553.102,25.623 C556.021,25.756 557.607,26.244 558.662,26.654 C560.06,27.196 561.058,27.846 562.106,28.894 C563.154,29.942 563.803,30.938 564.346,32.338 C564.756,33.391 565.244,34.978 565.378,37.899 C565.522,41.056 565.552,42.003 565.552,50 C565.552,57.996 565.522,58.943 565.378,62.101 M570.82,37.631 C570.674,34.438 570.167,32.258 569.425,30.349 C568.659,28.377 567.633,26.702 565.965,25.035 C564.297,23.368 562.623,22.342 560.652,21.575 C558.743,20.834 556.562,20.326 553.369,20.18 C550.169,20.033 549.148,20 541,20 C532.853,20 531.831,20.033 528.631,20.18 C525.438,20.326 523.257,20.834 521.349,21.575 C519.376,22.342 517.703,23.368 516.035,25.035 C514.368,26.702 513.342,28.377 512.574,30.349 C511.834,32.258 511.326,34.438 511.181,37.631 C511.035,40.831 511,41.851 511,50 C511,58.147 511.035,59.17 511.181,62.369 C511.326,65.562 511.834,67.743 512.574,69.651 C513.342,71.625 514.368,73.296 516.035,74.965 C517.703,76.634 519.376,77.658 521.349,78.425 C523.257,79.167 525.438,79.673 528.631,79.82 C531.831,79.965 532.853,80.001 541,80.001 C549.148,80.001 550.169,79.965 553.369,79.82 C556.562,79.673 558.743,79.167 560.652,78.425 C562.623,77.658 564.297,76.634 565.965,74.965 C567.633,73.296 568.659,71.625 569.425,69.651 C570.167,67.743 570.674,65.562 570.82,62.369 C570.966,59.17 571,58.147 571,50 C571,41.851 570.966,40.831 570.82,37.631\"><\/path><\/g><\/g><\/g><\/svg><\/div><div style=\"padding-top: 8px;\"> <div style=\" color:#3897f0; font-family:Arial,sans-serif; font-size:14px; font-style:normal; font-weight:550; line-height:18px;\">View this post on Instagram<\/div><\/div><div style=\"padding: 12.5% 0;\"><\/div> <div style=\"display: flex; flex-direction: row; margin-bottom: 14px; align-items: center;\"><div> <div style=\"background-color: #F4F4F4; border-radius: 50%; height: 12.5px; width: 12.5px; transform: translateX(0px) translateY(7px);\"><\/div> <div style=\"background-color: #F4F4F4; height: 12.5px; transform: rotate(-45deg) translateX(3px) translateY(1px); width: 12.5px; flex-grow: 0; margin-right: 14px; margin-left: 2px;\"><\/div> <div style=\"background-color: #F4F4F4; border-radius: 50%; height: 12.5px; width: 12.5px; transform: translateX(9px) translateY(-18px);\"><\/div><\/div><div style=\"margin-left: 8px;\"> <div style=\" background-color: #F4F4F4; border-radius: 50%; flex-grow: 0; height: 20px; width: 20px;\"><\/div> <div style=\" width: 0; height: 0; border-top: 2px solid transparent; border-left: 6px solid #f4f4f4; border-bottom: 2px solid transparent; transform: translateX(16px) translateY(-4px) rotate(30deg)\"><\/div><\/div><div style=\"margin-left: auto;\"> <div style=\" width: 0px; border-top: 8px solid #F4F4F4; border-right: 8px solid transparent; transform: translateY(16px);\"><\/div> <div style=\" background-color: #F4F4F4; flex-grow: 0; height: 12px; width: 16px; transform: translateY(-4px);\"><\/div> <div style=\" width: 0; height: 0; border-top: 8px solid #F4F4F4; border-left: 8px solid transparent; transform: translateY(-4px) translateX(8px);\"><\/div><\/div><\/div> <div style=\"display: flex; flex-direction: column; flex-grow: 1; justify-content: center; margin-bottom: 24px;\"> <div style=\" background-color: #F4F4F4; border-radius: 4px; flex-grow: 0; height: 14px; margin-bottom: 6px; width: 224px;\"><\/div> <div style=\" background-color: #F4F4F4; border-radius: 4px; flex-grow: 0; height: 14px; width: 144px;\"><\/div><\/div><\/a><p style=\" color:#c9c8cd; font-family:Arial,sans-serif; font-size:14px; line-height:17px; margin-bottom:0; margin-top:8px; overflow:hidden; padding:8px 0 7px; text-align:center; text-overflow:ellipsis; white-space:nowrap;\"><a href=\"https:\/\/www.instagram.com\/reel\/CdvmW5MAXAE\/?utm_source=ig_embed&amp;utm_campaign=loading\" style=\" color:#c9c8cd; font-family:Arial,sans-serif; font-size:14px; font-style:normal; font-weight:normal; line-height:17px; text-decoration:none;\" target=\"_blank\">A post shared by R9 Producciones (@r9.producciones)<\/a><\/p><\/div><\/blockquote><script async src=\"\/\/platform.instagram.com\/en_US\/embeds.js\"><\/script>\n<\/div><figcaption class=\"wp-element-caption\">Podes mirar en la cuenta de instagram de R9 Producciones lo que fue este evento \u00e9pico <\/figcaption><\/figure>\n\n\n\n<div class=\"wp-block-uagb-advanced-heading uagb-block-775c2ae5\"><h2 class=\"uagb-heading-text\">Nuestro aporte a esta gran noche <\/h2><\/div>\n\n\n\n<p class=\"has-ast-global-color-3-color has-text-color has-link-color wp-elements-0be6803c1a5f0b57b67c84c7e87d4fe6\">En una fecha con muchas expectativas y ansiedades, presentabamos al p\u00fablico por primera vez nuestro stand, con la premisa de acercarnos a este y hacerles llegar nuestros abanicos, de manera que si lo necesitaban, lo consiguieran en la misma fiesta.  <\/p>\n\n\n\n<div class=\"wp-block-jetpack-slideshow aligncenter\" data-effect=\"slide\"><div class=\"wp-block-jetpack-slideshow_container swiper-container\"><ul class=\"wp-block-jetpack-slideshow_swiper-wrapper swiper-wrapper\"><li class=\"wp-block-jetpack-slideshow_slide swiper-slide\"><figure><img loading=\"lazy\" decoding=\"async\" width=\"828\" height=\"552\" alt=\"La imagen tiene un atributo ALT vac\u00edo; su nombre de archivo es IMG_1442.jpg\" class=\"wp-block-jetpack-slideshow_image wp-image-3219\" data-id=\"3219\" src=\"http:\/\/venturis.com.ar\/wp-content\/uploads\/2024\/01\/image.jpeg\" srcset=\"https:\/\/venturis.com.ar\/wp-content\/uploads\/2024\/01\/image.jpeg 828w, https:\/\/venturis.com.ar\/wp-content\/uploads\/2024\/01\/image-300x200.jpeg 300w, https:\/\/venturis.com.ar\/wp-content\/uploads\/2024\/01\/image-768x512.jpeg 768w, https:\/\/venturis.com.ar\/wp-content\/uploads\/2024\/01\/image-600x400.jpeg 600w\" sizes=\"(max-width: 828px) 100vw, 828px\" \/><\/figure><\/li><li class=\"wp-block-jetpack-slideshow_slide swiper-slide\"><figure><img loading=\"lazy\" decoding=\"async\" width=\"1024\" height=\"682\" alt=\"\" class=\"wp-block-jetpack-slideshow_image wp-image-3218\" data-id=\"3218\" src=\"http:\/\/venturis.com.ar\/wp-content\/uploads\/2024\/01\/7d1de52d-8abb-4cca-b391-b6ff662ff8a2-1024x682.jpg\" srcset=\"https:\/\/venturis.com.ar\/wp-content\/uploads\/2024\/01\/7d1de52d-8abb-4cca-b391-b6ff662ff8a2-1024x682.jpg 1024w, https:\/\/venturis.com.ar\/wp-content\/uploads\/2024\/01\/7d1de52d-8abb-4cca-b391-b6ff662ff8a2-300x200.jpg 300w, https:\/\/venturis.com.ar\/wp-content\/uploads\/2024\/01\/7d1de52d-8abb-4cca-b391-b6ff662ff8a2-768x512.jpg 768w, https:\/\/venturis.com.ar\/wp-content\/uploads\/2024\/01\/7d1de52d-8abb-4cca-b391-b6ff662ff8a2-1536x1023.jpg 1536w, https:\/\/venturis.com.ar\/wp-content\/uploads\/2024\/01\/7d1de52d-8abb-4cca-b391-b6ff662ff8a2-600x400.jpg 600w, https:\/\/venturis.com.ar\/wp-content\/uploads\/2024\/01\/7d1de52d-8abb-4cca-b391-b6ff662ff8a2.jpg 1600w\" sizes=\"(max-width: 1024px) 100vw, 1024px\" \/><figcaption class=\"wp-block-jetpack-slideshow_caption gallery-caption\">el resultado de la sesi\u00f3n<\/figcaption><\/figure><\/li><li class=\"wp-block-jetpack-slideshow_slide swiper-slide\"><figure><img loading=\"lazy\" decoding=\"async\" width=\"576\" height=\"1024\" alt=\"\" class=\"wp-block-jetpack-slideshow_image wp-image-3217\" data-id=\"3217\" src=\"http:\/\/venturis.com.ar\/wp-content\/uploads\/2024\/01\/b7264783-f37a-494b-8c9f-a1fde9479d72-576x1024.jpg\" srcset=\"https:\/\/venturis.com.ar\/wp-content\/uploads\/2024\/01\/b7264783-f37a-494b-8c9f-a1fde9479d72-576x1024.jpg 576w, https:\/\/venturis.com.ar\/wp-content\/uploads\/2024\/01\/b7264783-f37a-494b-8c9f-a1fde9479d72-169x300.jpg 169w, https:\/\/venturis.com.ar\/wp-content\/uploads\/2024\/01\/b7264783-f37a-494b-8c9f-a1fde9479d72-768x1365.jpg 768w, https:\/\/venturis.com.ar\/wp-content\/uploads\/2024\/01\/b7264783-f37a-494b-8c9f-a1fde9479d72-600x1067.jpg 600w, https:\/\/venturis.com.ar\/wp-content\/uploads\/2024\/01\/b7264783-f37a-494b-8c9f-a1fde9479d72.jpg 828w\" sizes=\"(max-width: 576px) 100vw, 576px\" \/><figcaption class=\"wp-block-jetpack-slideshow_caption gallery-caption\">Sesi\u00f3n de fotos en el stand<\/figcaption><\/figure><\/li><li class=\"wp-block-jetpack-slideshow_slide swiper-slide\"><figure><img loading=\"lazy\" decoding=\"async\" width=\"768\" height=\"1024\" alt=\"\" class=\"wp-block-jetpack-slideshow_image wp-image-3216\" data-id=\"3216\" src=\"http:\/\/venturis.com.ar\/wp-content\/uploads\/2024\/01\/a48f6ff7-5310-44c7-9fe6-4aaf983bca30-1.jpg\" srcset=\"https:\/\/venturis.com.ar\/wp-content\/uploads\/2024\/01\/a48f6ff7-5310-44c7-9fe6-4aaf983bca30-1.jpg 768w, https:\/\/venturis.com.ar\/wp-content\/uploads\/2024\/01\/a48f6ff7-5310-44c7-9fe6-4aaf983bca30-1-225x300.jpg 225w, https:\/\/venturis.com.ar\/wp-content\/uploads\/2024\/01\/a48f6ff7-5310-44c7-9fe6-4aaf983bca30-1-600x800.jpg 600w\" sizes=\"(max-width: 768px) 100vw, 768px\" \/><figcaption class=\"wp-block-jetpack-slideshow_caption gallery-caption\">Sesi\u00f3n de fotos en el stand<\/figcaption><\/figure><\/li><\/ul><a class=\"wp-block-jetpack-slideshow_button-prev swiper-button-prev swiper-button-white\" role=\"button\"><\/a><a class=\"wp-block-jetpack-slideshow_button-next swiper-button-next swiper-button-white\" role=\"button\"><\/a><a aria-label=\"Pause Slideshow\" class=\"wp-block-jetpack-slideshow_button-pause\" role=\"button\"><\/a><div class=\"wp-block-jetpack-slideshow_pagination swiper-pagination swiper-pagination-white\"><\/div><\/div><\/div>\n","protected":false},"excerpt":{"rendered":"<p>El 26 de marzo de 2022, la productora de eventos de m\u00fasica electr\u00f3nica R9 Producciones de Tucum\u00e1n, Argentina, nos invit\u00f3 a participar con nuestro stand de abanicos en su Episode 3, que cont\u00f3 con la presencia de DJs de la escena local, nacional e internacional: Einmusik, Juan Hansen, Gero C\u00f3rdoba, Araoz y Alex Toms y [&hellip;]<\/p>\n","protected":false},"author":2,"featured_media":0,"comment_status":"open","ping_status":"open","sticky":false,"template":"","format":"standard","meta":{"content-type":"","_uag_custom_page_level_css":"","site-sidebar-layout":"default","site-content-layout":"","ast-site-content-layout":"default","site-content-style":"default","site-sidebar-style":"default","ast-global-header-display":"","ast-banner-title-visibility":"","ast-main-header-display":"","ast-hfb-above-header-display":"","ast-hfb-below-header-display":"","ast-hfb-mobile-header-display":"","site-post-title":"","ast-breadcrumbs-content":"","ast-featured-img":"","footer-sml-layout":"","ast-disable-related-posts":"","theme-transparent-header-meta":"","adv-header-id-meta":"","stick-header-meta":"","header-above-stick-meta":"","header-main-stick-meta":"","header-below-stick-meta":"","astra-migrate-meta-layouts":"set","ast-page-background-enabled":"default","ast-page-background-meta":{"desktop":{"background-color":"","background-image":"","background-repeat":"repeat","background-position":"center center","background-size":"auto","background-attachment":"scroll","background-type":"","background-media":"","overlay-type":"","overlay-color":"","overlay-opacity":"","overlay-gradient":""},"tablet":{"background-color":"","background-image":"","background-repeat":"repeat","background-position":"center center","background-size":"auto","background-attachment":"scroll","background-type":"","background-media":"","overlay-type":"","overlay-color":"","overlay-opacity":"","overlay-gradient":""},"mobile":{"background-color":"","background-image":"","background-repeat":"repeat","background-position":"center center","background-size":"auto","background-attachment":"scroll","background-type":"","background-media":"","overlay-type":"","overlay-color":"","overlay-opacity":"","overlay-gradient":""}},"ast-content-background-meta":{"desktop":{"background-color":"var(--ast-global-color-5)","background-image":"","background-repeat":"repeat","background-position":"center center","background-size":"auto","background-attachment":"scroll","background-type":"","background-media":"","overlay-type":"","overlay-color":"","overlay-opacity":"","overlay-gradient":""},"tablet":{"background-color":"var(--ast-global-color-5)","background-image":"","background-repeat":"repeat","background-position":"center center","background-size":"auto","background-attachment":"scroll","background-type":"","background-media":"","overlay-type":"","overlay-color":"","overlay-opacity":"","overlay-gradient":""},"mobile":{"background-color":"var(--ast-global-color-5)","background-image":"","background-repeat":"repeat","background-position":"center center","background-size":"auto","background-attachment":"scroll","background-type":"","background-media":"","overlay-type":"","overlay-color":"","overlay-opacity":"","overlay-gradient":""}},"jetpack_post_was_ever_published":false,"_jetpack_newsletter_access":"","_jetpack_dont_email_post_to_subs":true,"_jetpack_newsletter_tier_id":0,"_jetpack_memberships_contains_paywalled_content":false,"_jetpack_memberships_contains_paid_content":false,"_joinchat":[],"footnotes":""},"categories":[1,67],"tags":[75,69,76,73],"class_list":["post-3214","post","type-post","status-publish","format-standard","hentry","category-blog","category-venturis-en-festivales-de-musica-electronica","tag-abanico","tag-abanicos","tag-fiesta-de-electronica","tag-stand-de-abanicos"],"yoast_head":"<!-- This site is optimized with the Yoast SEO plugin v26.5 - https:\/\/yoast.com\/wordpress\/plugins\/seo\/ -->\n<title>Un poco de nuestra historia: Venturis presente con su stand de abanicos por primera vez en una fiesta, en R9 Producciones Episode 3 - Venturis<\/title>\n<meta name=\"robots\" content=\"index, follow, max-snippet:-1, max-image-preview:large, max-video-preview:-1\" \/>\n<link rel=\"canonical\" href=\"https:\/\/venturis.com.ar\/?p=3214\" \/>\n<meta property=\"og:locale\" content=\"es_ES\" \/>\n<meta property=\"og:type\" content=\"article\" \/>\n<meta property=\"og:title\" content=\"Un poco de nuestra historia: Venturis presente con su stand de abanicos por primera vez en una fiesta, en R9 Producciones Episode 3 - Venturis\" \/>\n<meta property=\"og:description\" content=\"El 26 de marzo de 2022, la productora de eventos de m\u00fasica electr\u00f3nica R9 Producciones de Tucum\u00e1n, Argentina, nos invit\u00f3 a participar con nuestro stand de abanicos en su Episode 3, que cont\u00f3 con la presencia de DJs de la escena local, nacional e internacional: Einmusik, Juan Hansen, Gero C\u00f3rdoba, Araoz y Alex Toms y [&hellip;]\" \/>\n<meta property=\"og:url\" content=\"https:\/\/venturis.com.ar\/?p=3214\" \/>\n<meta property=\"og:site_name\" content=\"Venturis\" \/>\n<meta property=\"article:published_time\" content=\"2024-01-31T01:15:20+00:00\" \/>\n<meta property=\"article:modified_time\" content=\"2024-01-31T13:39:29+00:00\" \/>\n<meta property=\"og:image\" content=\"https:\/\/www.r9producciones.com\/images\/eventos\/2.jpg\" \/>\n<meta name=\"author\" content=\"Melisa Parajon\" \/>\n<meta name=\"twitter:card\" content=\"summary_large_image\" \/>\n<meta name=\"twitter:label1\" content=\"Escrito por\" \/>\n\t<meta name=\"twitter:data1\" content=\"Melisa Parajon\" \/>\n\t<meta name=\"twitter:label2\" content=\"Tiempo de lectura\" \/>\n\t<meta name=\"twitter:data2\" content=\"1 minuto\" \/>\n<script type=\"application\/ld+json\" class=\"yoast-schema-graph\">{\"@context\":\"https:\/\/schema.org\",\"@graph\":[{\"@type\":\"Article\",\"@id\":\"https:\/\/venturis.com.ar\/?p=3214#article\",\"isPartOf\":{\"@id\":\"https:\/\/venturis.com.ar\/?p=3214\"},\"author\":{\"name\":\"Melisa Parajon\",\"@id\":\"https:\/\/venturis.com.ar\/#\/schema\/person\/2f014c263cadc657457c408059943d7e\"},\"headline\":\"Un poco de nuestra historia: Venturis presente con su stand de abanicos por primera vez en una fiesta, en R9 Producciones Episode 3\",\"datePublished\":\"2024-01-31T01:15:20+00:00\",\"dateModified\":\"2024-01-31T13:39:29+00:00\",\"mainEntityOfPage\":{\"@id\":\"https:\/\/venturis.com.ar\/?p=3214\"},\"wordCount\":273,\"commentCount\":0,\"publisher\":{\"@id\":\"https:\/\/venturis.com.ar\/#\/schema\/person\/2f014c263cadc657457c408059943d7e\"},\"image\":{\"@id\":\"https:\/\/venturis.com.ar\/?p=3214#primaryimage\"},\"thumbnailUrl\":\"https:\/\/www.r9producciones.com\/images\/eventos\/2.jpg\",\"keywords\":[\"abanico\",\"abanicos\",\"fiesta de electronica\",\"stand de abanicos\"],\"articleSection\":[\"Blog\",\"Venturis en festivales de m\u00fasica electr\u00f3nica\"],\"inLanguage\":\"es\",\"potentialAction\":[{\"@type\":\"CommentAction\",\"name\":\"Comment\",\"target\":[\"https:\/\/venturis.com.ar\/?p=3214#respond\"]}]},{\"@type\":\"WebPage\",\"@id\":\"https:\/\/venturis.com.ar\/?p=3214\",\"url\":\"https:\/\/venturis.com.ar\/?p=3214\",\"name\":\"Un poco de nuestra historia: Venturis presente con su stand de abanicos por primera vez en una fiesta, en R9 Producciones Episode 3 - Venturis\",\"isPartOf\":{\"@id\":\"https:\/\/venturis.com.ar\/#website\"},\"primaryImageOfPage\":{\"@id\":\"https:\/\/venturis.com.ar\/?p=3214#primaryimage\"},\"image\":{\"@id\":\"https:\/\/venturis.com.ar\/?p=3214#primaryimage\"},\"thumbnailUrl\":\"https:\/\/www.r9producciones.com\/images\/eventos\/2.jpg\",\"datePublished\":\"2024-01-31T01:15:20+00:00\",\"dateModified\":\"2024-01-31T13:39:29+00:00\",\"breadcrumb\":{\"@id\":\"https:\/\/venturis.com.ar\/?p=3214#breadcrumb\"},\"inLanguage\":\"es\",\"potentialAction\":[{\"@type\":\"ReadAction\",\"target\":[\"https:\/\/venturis.com.ar\/?p=3214\"]}]},{\"@type\":\"ImageObject\",\"inLanguage\":\"es\",\"@id\":\"https:\/\/venturis.com.ar\/?p=3214#primaryimage\",\"url\":\"https:\/\/www.r9producciones.com\/images\/eventos\/2.jpg\",\"contentUrl\":\"https:\/\/www.r9producciones.com\/images\/eventos\/2.jpg\"},{\"@type\":\"BreadcrumbList\",\"@id\":\"https:\/\/venturis.com.ar\/?p=3214#breadcrumb\",\"itemListElement\":[{\"@type\":\"ListItem\",\"position\":1,\"name\":\"Portada\",\"item\":\"https:\/\/venturis.com.ar\/\"},{\"@type\":\"ListItem\",\"position\":2,\"name\":\"Un poco de nuestra historia: Venturis presente con su stand de abanicos por primera vez en una fiesta, en R9 Producciones Episode 3\"}]},{\"@type\":\"WebSite\",\"@id\":\"https:\/\/venturis.com.ar\/#website\",\"url\":\"https:\/\/venturis.com.ar\/\",\"name\":\"Venturis.com.ar\",\"description\":\"Tu autenticidad en movimiento\",\"publisher\":{\"@id\":\"https:\/\/venturis.com.ar\/#\/schema\/person\/2f014c263cadc657457c408059943d7e\"},\"alternateName\":\"Venturis\",\"potentialAction\":[{\"@type\":\"SearchAction\",\"target\":{\"@type\":\"EntryPoint\",\"urlTemplate\":\"https:\/\/venturis.com.ar\/?s={search_term_string}\"},\"query-input\":{\"@type\":\"PropertyValueSpecification\",\"valueRequired\":true,\"valueName\":\"search_term_string\"}}],\"inLanguage\":\"es\"},{\"@type\":[\"Person\",\"Organization\"],\"@id\":\"https:\/\/venturis.com.ar\/#\/schema\/person\/2f014c263cadc657457c408059943d7e\",\"name\":\"Melisa Parajon\",\"image\":{\"@type\":\"ImageObject\",\"inLanguage\":\"es\",\"@id\":\"https:\/\/venturis.com.ar\/#\/schema\/person\/image\/\",\"url\":\"https:\/\/venturis.com.ar\/wp-content\/uploads\/2025\/07\/LOGO-FINAL-02-scaled.jpg\",\"contentUrl\":\"https:\/\/venturis.com.ar\/wp-content\/uploads\/2025\/07\/LOGO-FINAL-02-scaled.jpg\",\"width\":2560,\"height\":2560,\"caption\":\"Melisa Parajon\"},\"logo\":{\"@id\":\"https:\/\/venturis.com.ar\/#\/schema\/person\/image\/\"},\"url\":\"https:\/\/venturis.com.ar\/?author=2\"}]}<\/script>\n<!-- \/ Yoast SEO plugin. -->","yoast_head_json":{"title":"Un poco de nuestra historia: Venturis presente con su stand de abanicos por primera vez en una fiesta, en R9 Producciones Episode 3 - Venturis","robots":{"index":"index","follow":"follow","max-snippet":"max-snippet:-1","max-image-preview":"max-image-preview:large","max-video-preview":"max-video-preview:-1"},"canonical":"https:\/\/venturis.com.ar\/?p=3214","og_locale":"es_ES","og_type":"article","og_title":"Un poco de nuestra historia: Venturis presente con su stand de abanicos por primera vez en una fiesta, en R9 Producciones Episode 3 - Venturis","og_description":"El 26 de marzo de 2022, la productora de eventos de m\u00fasica electr\u00f3nica R9 Producciones de Tucum\u00e1n, Argentina, nos invit\u00f3 a participar con nuestro stand de abanicos en su Episode 3, que cont\u00f3 con la presencia de DJs de la escena local, nacional e internacional: Einmusik, Juan Hansen, Gero C\u00f3rdoba, Araoz y Alex Toms y [&hellip;]","og_url":"https:\/\/venturis.com.ar\/?p=3214","og_site_name":"Venturis","article_published_time":"2024-01-31T01:15:20+00:00","article_modified_time":"2024-01-31T13:39:29+00:00","og_image":[{"url":"https:\/\/www.r9producciones.com\/images\/eventos\/2.jpg","type":"","width":"","height":""}],"author":"Melisa Parajon","twitter_card":"summary_large_image","twitter_misc":{"Escrito por":"Melisa Parajon","Tiempo de lectura":"1 minuto"},"schema":{"@context":"https:\/\/schema.org","@graph":[{"@type":"Article","@id":"https:\/\/venturis.com.ar\/?p=3214#article","isPartOf":{"@id":"https:\/\/venturis.com.ar\/?p=3214"},"author":{"name":"Melisa Parajon","@id":"https:\/\/venturis.com.ar\/#\/schema\/person\/2f014c263cadc657457c408059943d7e"},"headline":"Un poco de nuestra historia: Venturis presente con su stand de abanicos por primera vez en una fiesta, en R9 Producciones Episode 3","datePublished":"2024-01-31T01:15:20+00:00","dateModified":"2024-01-31T13:39:29+00:00","mainEntityOfPage":{"@id":"https:\/\/venturis.com.ar\/?p=3214"},"wordCount":273,"commentCount":0,"publisher":{"@id":"https:\/\/venturis.com.ar\/#\/schema\/person\/2f014c263cadc657457c408059943d7e"},"image":{"@id":"https:\/\/venturis.com.ar\/?p=3214#primaryimage"},"thumbnailUrl":"https:\/\/www.r9producciones.com\/images\/eventos\/2.jpg","keywords":["abanico","abanicos","fiesta de electronica","stand de abanicos"],"articleSection":["Blog","Venturis en festivales de m\u00fasica electr\u00f3nica"],"inLanguage":"es","potentialAction":[{"@type":"CommentAction","name":"Comment","target":["https:\/\/venturis.com.ar\/?p=3214#respond"]}]},{"@type":"WebPage","@id":"https:\/\/venturis.com.ar\/?p=3214","url":"https:\/\/venturis.com.ar\/?p=3214","name":"Un poco de nuestra historia: Venturis presente con su stand de abanicos por primera vez en una fiesta, en R9 Producciones Episode 3 - Venturis","isPartOf":{"@id":"https:\/\/venturis.com.ar\/#website"},"primaryImageOfPage":{"@id":"https:\/\/venturis.com.ar\/?p=3214#primaryimage"},"image":{"@id":"https:\/\/venturis.com.ar\/?p=3214#primaryimage"},"thumbnailUrl":"https:\/\/www.r9producciones.com\/images\/eventos\/2.jpg","datePublished":"2024-01-31T01:15:20+00:00","dateModified":"2024-01-31T13:39:29+00:00","breadcrumb":{"@id":"https:\/\/venturis.com.ar\/?p=3214#breadcrumb"},"inLanguage":"es","potentialAction":[{"@type":"ReadAction","target":["https:\/\/venturis.com.ar\/?p=3214"]}]},{"@type":"ImageObject","inLanguage":"es","@id":"https:\/\/venturis.com.ar\/?p=3214#primaryimage","url":"https:\/\/www.r9producciones.com\/images\/eventos\/2.jpg","contentUrl":"https:\/\/www.r9producciones.com\/images\/eventos\/2.jpg"},{"@type":"BreadcrumbList","@id":"https:\/\/venturis.com.ar\/?p=3214#breadcrumb","itemListElement":[{"@type":"ListItem","position":1,"name":"Portada","item":"https:\/\/venturis.com.ar\/"},{"@type":"ListItem","position":2,"name":"Un poco de nuestra historia: Venturis presente con su stand de abanicos por primera vez en una fiesta, en R9 Producciones Episode 3"}]},{"@type":"WebSite","@id":"https:\/\/venturis.com.ar\/#website","url":"https:\/\/venturis.com.ar\/","name":"Venturis.com.ar","description":"Tu autenticidad en movimiento","publisher":{"@id":"https:\/\/venturis.com.ar\/#\/schema\/person\/2f014c263cadc657457c408059943d7e"},"alternateName":"Venturis","potentialAction":[{"@type":"SearchAction","target":{"@type":"EntryPoint","urlTemplate":"https:\/\/venturis.com.ar\/?s={search_term_string}"},"query-input":{"@type":"PropertyValueSpecification","valueRequired":true,"valueName":"search_term_string"}}],"inLanguage":"es"},{"@type":["Person","Organization"],"@id":"https:\/\/venturis.com.ar\/#\/schema\/person\/2f014c263cadc657457c408059943d7e","name":"Melisa Parajon","image":{"@type":"ImageObject","inLanguage":"es","@id":"https:\/\/venturis.com.ar\/#\/schema\/person\/image\/","url":"https:\/\/venturis.com.ar\/wp-content\/uploads\/2025\/07\/LOGO-FINAL-02-scaled.jpg","contentUrl":"https:\/\/venturis.com.ar\/wp-content\/uploads\/2025\/07\/LOGO-FINAL-02-scaled.jpg","width":2560,"height":2560,"caption":"Melisa Parajon"},"logo":{"@id":"https:\/\/venturis.com.ar\/#\/schema\/person\/image\/"},"url":"https:\/\/venturis.com.ar\/?author=2"}]}},"jetpack_featured_media_url":"","uagb_featured_image_src":{"full":false,"thumbnail":false,"medium":false,"medium_large":false,"large":false,"1536x1536":false,"2048x2048":false,"gamipress-points":false,"gamipress-achievement":false,"gamipress-rank":false,"woocommerce_thumbnail":false,"woocommerce_single":false,"woocommerce_gallery_thumbnail":false},"uagb_author_info":{"display_name":"Melisa Parajon","author_link":"https:\/\/venturis.com.ar\/?author=2"},"uagb_comment_info":7,"uagb_excerpt":"El 26 de marzo de 2022, la productora de eventos de m\u00fasica electr\u00f3nica R9 Producciones de Tucum\u00e1n, Argentina, nos invit\u00f3 a participar con nuestro stand de abanicos en su Episode 3, que cont\u00f3 con la presencia de DJs de la escena local, nacional e internacional: Einmusik, Juan Hansen, Gero C\u00f3rdoba, Araoz y Alex Toms y&hellip;","jetpack_sharing_enabled":true,"_links":{"self":[{"href":"https:\/\/venturis.com.ar\/index.php?rest_route=\/wp\/v2\/posts\/3214","targetHints":{"allow":["GET"]}}],"collection":[{"href":"https:\/\/venturis.com.ar\/index.php?rest_route=\/wp\/v2\/posts"}],"about":[{"href":"https:\/\/venturis.com.ar\/index.php?rest_route=\/wp\/v2\/types\/post"}],"author":[{"embeddable":true,"href":"https:\/\/venturis.com.ar\/index.php?rest_route=\/wp\/v2\/users\/2"}],"replies":[{"embeddable":true,"href":"https:\/\/venturis.com.ar\/index.php?rest_route=%2Fwp%2Fv2%2Fcomments&post=3214"}],"version-history":[{"count":3,"href":"https:\/\/venturis.com.ar\/index.php?rest_route=\/wp\/v2\/posts\/3214\/revisions"}],"predecessor-version":[{"id":3225,"href":"https:\/\/venturis.com.ar\/index.php?rest_route=\/wp\/v2\/posts\/3214\/revisions\/3225"}],"wp:attachment":[{"href":"https:\/\/venturis.com.ar\/index.php?rest_route=%2Fwp%2Fv2%2Fmedia&parent=3214"}],"wp:term":[{"taxonomy":"category","embeddable":true,"href":"https:\/\/venturis.com.ar\/index.php?rest_route=%2Fwp%2Fv2%2Fcategories&post=3214"},{"taxonomy":"post_tag","embeddable":true,"href":"https:\/\/venturis.com.ar\/index.php?rest_route=%2Fwp%2Fv2%2Ftags&post=3214"}],"curies":[{"name":"wp","href":"https:\/\/api.w.org\/{rel}","templated":true}]}}